{"id":302,"date":"2018-02-04T18:02:54","date_gmt":"2018-02-04T18:02:54","guid":{"rendered":"http:\/\/nomadendesgutenlebens.de\/?p=302"},"modified":"2018-02-04T18:05:20","modified_gmt":"2018-02-04T18:05:20","slug":"e-wie-edersee-inmitten-der-gruenen-oede","status":"publish","type":"post","link":"https:\/\/nomadendesgutenlebens.de\/?p=302","title":{"rendered":"E wie Edersee- inmitten der gr\u00fcnen \u00d6dnis"},"content":{"rendered":"<p>Sommergedanken an den Edersee- ein k\u00fchlender Sprung ist Wasser, Segeln oder den Surfern beim Wellenreiten zuschauen. Gedanken aus Kindertagen. In diesen Sommern muss man daf\u00fcr schon recht weit Richtung Staumauer fahren. Denn durch das j\u00e4hrliche Ablassen des Wassers zugunsten der Oberweser muss man das k\u00fchle Nass manchmal ganz sch\u00f6n lange suchen. Aber wo was wegflie\u00dft, taucht ja bekanntlich auch immer was auf und so findet man in den Sommermonaten zwar im Westen oft kein Wasser, daf\u00fcr taucht eine ganze Br\u00fccke inmitten des Seebeckens auf. Beim Bau des Stausees mussten n\u00e4mlich die Bewohner der damals entlang der Eder liegenden D\u00f6rfer Asel, Berich und Bringhausen ihre H\u00f6fe und H\u00e4user verlassen. Diese wurden in Orten oberhalb des neu entstehenden Edersees neu aufgebaut. Die damals gefluteten \u00dcberreste tauchen aber bei Tiefstwasserst\u00e4nden auf und bescheren den Besuchern ziemlich besondere Einblicke. Und wenn im Sommer dann noch das komplette leere Seebecken um die B\u00fccke herum gr\u00fcn und rosa zugewachsen ist, dann f\u00fchlt man sich fast wie auf einem fremden Planeten. <a href=\"https:\/\/www.kampier.de\">Kampier- Stuhl<\/a> \u00fcber die Schulter, Buch untern Arm und mit einem k\u00fchlen Getr\u00e4nk an den auf Bachlaufgr\u00f6\u00dfe zusammengeschrumpften Edersee setzen. Pure Erholung und aussergew\u00f6hnliches Gef\u00fchl garantiert.<\/p>\n<p><img decoding=\"async\" loading=\"lazy\" class=\"aligncenter wp-image-287\" src=\"http:\/\/nomadendesgutenlebens.de\/wp-content\/uploads\/2018\/02\/edersee-9-von-23-683x1024.jpg\" alt=\"\" width=\"467\" height=\"700\" srcset=\"https:\/\/nomadendesgutenlebens.de\/wp-content\/uploads\/2018\/02\/edersee-9-von-23-683x1024.jpg 683w, https:\/\/nomadendesgutenlebens.de\/wp-content\/uploads\/2018\/02\/edersee-9-von-23-200x300.jpg 200w, https:\/\/nomadendesgutenlebens.de\/wp-content\/uploads\/2018\/02\/edersee-9-von-23-768x1152.jpg 768w, https:\/\/nomadendesgutenlebens.de\/wp-content\/uploads\/2018\/02\/edersee-9-von-23-330x495.jpg 330w, https:\/\/nomadendesgutenlebens.de\/wp-content\/uploads\/2018\/02\/edersee-9-von-23-690x1035.jpg 690w, https:\/\/nomadendesgutenlebens.de\/wp-content\/uploads\/2018\/02\/edersee-9-von-23-1050x1575.jpg 1050w, https:\/\/nomadendesgutenlebens.de\/wp-content\/uploads\/2018\/02\/edersee-9-von-23-400x600.jpg 400w, https:\/\/nomadendesgutenlebens.de\/wp-content\/uploads\/2018\/02\/edersee-9-von-23.jpg 1600w\" sizes=\"(max-width: 467px) 100vw, 467px\" \/><\/p>\n<p><img decoding=\"async\" loading=\"lazy\" class=\"aligncenter size-large wp-image-286\" src=\"http:\/\/nomadendesgutenlebens.de\/wp-content\/uploads\/2018\/02\/edersee-8-von-23-1024x683.jpg\" alt=\"\" width=\"1024\" height=\"683\" srcset=\"https:\/\/nomadendesgutenlebens.de\/wp-content\/uploads\/2018\/02\/edersee-8-von-23-1024x683.jpg 1024w, https:\/\/nomadendesgutenlebens.de\/wp-content\/uploads\/2018\/02\/edersee-8-von-23-300x200.jpg 300w, https:\/\/nomadendesgutenlebens.de\/wp-content\/uploads\/2018\/02\/edersee-8-von-23-768x512.jpg 768w, https:\/\/nomadendesgutenlebens.de\/wp-content\/uploads\/2018\/02\/edersee-8-von-23-330x220.jpg 330w, https:\/\/nomadendesgutenlebens.de\/wp-content\/uploads\/2018\/02\/edersee-8-von-23-296x197.jpg 296w, https:\/\/nomadendesgutenlebens.de\/wp-content\/uploads\/2018\/02\/edersee-8-von-23-690x460.jpg 690w, https:\/\/nomadendesgutenlebens.de\/wp-content\/uploads\/2018\/02\/edersee-8-von-23-1050x700.jpg 1050w, https:\/\/nomadendesgutenlebens.de\/wp-content\/uploads\/2018\/02\/edersee-8-von-23-900x600.jpg 900w, https:\/\/nomadendesgutenlebens.de\/wp-content\/uploads\/2018\/02\/edersee-8-von-23.jpg 1600w\" sizes=\"(max-width: 1024px) 100vw, 1024px\" \/><\/p>\n<p><img decoding=\"async\" loading=\"lazy\" class=\"aligncenter wp-image-283\" src=\"http:\/\/nomadendesgutenlebens.de\/wp-content\/uploads\/2018\/02\/edersee-5-von-23-683x1024.jpg\" alt=\"\" width=\"467\" height=\"700\" srcset=\"https:\/\/nomadendesgutenlebens.de\/wp-content\/uploads\/2018\/02\/edersee-5-von-23-683x1024.jpg 683w, https:\/\/nomadendesgutenlebens.de\/wp-content\/uploads\/2018\/02\/edersee-5-von-23-200x300.jpg 200w, https:\/\/nomadendesgutenlebens.de\/wp-content\/uploads\/2018\/02\/edersee-5-von-23-768x1152.jpg 768w, https:\/\/nomadendesgutenlebens.de\/wp-content\/uploads\/2018\/02\/edersee-5-von-23-330x495.jpg 330w, https:\/\/nomadendesgutenlebens.de\/wp-content\/uploads\/2018\/02\/edersee-5-von-23-690x1035.jpg 690w, https:\/\/nomadendesgutenlebens.de\/wp-content\/uploads\/2018\/02\/edersee-5-von-23-1050x1575.jpg 1050w, https:\/\/nomadendesgutenlebens.de\/wp-content\/uploads\/2018\/02\/edersee-5-von-23-400x600.jpg 400w, https:\/\/nomadendesgutenlebens.de\/wp-content\/uploads\/2018\/02\/edersee-5-von-23.jpg 1600w\" sizes=\"(max-width: 467px) 100vw, 467px\" \/><\/p>\n<p><img decoding=\"async\" loading=\"lazy\" class=\"aligncenter wp-image-280\" src=\"http:\/\/nomadendesgutenlebens.de\/wp-content\/uploads\/2018\/02\/edersee-2-von-23-683x1024.jpg\" alt=\"\" width=\"467\" height=\"700\" srcset=\"https:\/\/nomadendesgutenlebens.de\/wp-content\/uploads\/2018\/02\/edersee-2-von-23-683x1024.jpg 683w, https:\/\/nomadendesgutenlebens.de\/wp-content\/uploads\/2018\/02\/edersee-2-von-23-200x300.jpg 200w, https:\/\/nomadendesgutenlebens.de\/wp-content\/uploads\/2018\/02\/edersee-2-von-23-768x1152.jpg 768w, https:\/\/nomadendesgutenlebens.de\/wp-content\/uploads\/2018\/02\/edersee-2-von-23-330x495.jpg 330w, https:\/\/nomadendesgutenlebens.de\/wp-content\/uploads\/2018\/02\/edersee-2-von-23-690x1035.jpg 690w, https:\/\/nomadendesgutenlebens.de\/wp-content\/uploads\/2018\/02\/edersee-2-von-23-1050x1575.jpg 1050w, https:\/\/nomadendesgutenlebens.de\/wp-content\/uploads\/2018\/02\/edersee-2-von-23-400x600.jpg 400w, https:\/\/nomadendesgutenlebens.de\/wp-content\/uploads\/2018\/02\/edersee-2-von-23.jpg 1600w\" sizes=\"(max-width: 467px) 100vw, 467px\" \/><\/p>\n<p><img decoding=\"async\" loading=\"lazy\" class=\"aligncenter size-large wp-image-285\" src=\"http:\/\/nomadendesgutenlebens.de\/wp-content\/uploads\/2018\/02\/edersee-7-von-23-1024x683.jpg\" alt=\"\" width=\"1024\" height=\"683\" srcset=\"https:\/\/nomadendesgutenlebens.de\/wp-content\/uploads\/2018\/02\/edersee-7-von-23-1024x683.jpg 1024w, https:\/\/nomadendesgutenlebens.de\/wp-content\/uploads\/2018\/02\/edersee-7-von-23-300x200.jpg 300w, https:\/\/nomadendesgutenlebens.de\/wp-content\/uploads\/2018\/02\/edersee-7-von-23-768x512.jpg 768w, https:\/\/nomadendesgutenlebens.de\/wp-content\/uploads\/2018\/02\/edersee-7-von-23-330x220.jpg 330w, https:\/\/nomadendesgutenlebens.de\/wp-content\/uploads\/2018\/02\/edersee-7-von-23-296x197.jpg 296w, https:\/\/nomadendesgutenlebens.de\/wp-content\/uploads\/2018\/02\/edersee-7-von-23-690x460.jpg 690w, https:\/\/nomadendesgutenlebens.de\/wp-content\/uploads\/2018\/02\/edersee-7-von-23-1050x700.jpg 1050w, https:\/\/nomadendesgutenlebens.de\/wp-content\/uploads\/2018\/02\/edersee-7-von-23-900x600.jpg 900w, https:\/\/nomadendesgutenlebens.de\/wp-content\/uploads\/2018\/02\/edersee-7-von-23.jpg 1600w\" sizes=\"(max-width: 1024px) 100vw, 1024px\" \/><\/p>\n<p><img decoding=\"async\" loading=\"lazy\" class=\"aligncenter size-large wp-image-289\" src=\"http:\/\/nomadendesgutenlebens.de\/wp-content\/uploads\/2018\/02\/edersee-11-von-23-1024x683.jpg\" alt=\"\" width=\"1024\" height=\"683\" srcset=\"https:\/\/nomadendesgutenlebens.de\/wp-content\/uploads\/2018\/02\/edersee-11-von-23-1024x683.jpg 1024w, https:\/\/nomadendesgutenlebens.de\/wp-content\/uploads\/2018\/02\/edersee-11-von-23-300x200.jpg 300w, https:\/\/nomadendesgutenlebens.de\/wp-content\/uploads\/2018\/02\/edersee-11-von-23-768x512.jpg 768w, https:\/\/nomadendesgutenlebens.de\/wp-content\/uploads\/2018\/02\/edersee-11-von-23-330x220.jpg 330w, https:\/\/nomadendesgutenlebens.de\/wp-content\/uploads\/2018\/02\/edersee-11-von-23-296x197.jpg 296w, https:\/\/nomadendesgutenlebens.de\/wp-content\/uploads\/2018\/02\/edersee-11-von-23-690x460.jpg 690w, https:\/\/nomadendesgutenlebens.de\/wp-content\/uploads\/2018\/02\/edersee-11-von-23-1050x700.jpg 1050w, https:\/\/nomadendesgutenlebens.de\/wp-content\/uploads\/2018\/02\/edersee-11-von-23-900x600.jpg 900w, https:\/\/nomadendesgutenlebens.de\/wp-content\/uploads\/2018\/02\/edersee-11-von-23.jpg 1600w\" sizes=\"(max-width: 1024px) 100vw, 1024px\" \/><\/p>\n<p><img decoding=\"async\" loading=\"lazy\" class=\"aligncenter size-large wp-image-291\" src=\"http:\/\/nomadendesgutenlebens.de\/wp-content\/uploads\/2018\/02\/edersee-13-von-23-1024x683.jpg\" alt=\"\" width=\"1024\" height=\"683\" srcset=\"https:\/\/nomadendesgutenlebens.de\/wp-content\/uploads\/2018\/02\/edersee-13-von-23-1024x683.jpg 1024w, https:\/\/nomadendesgutenlebens.de\/wp-content\/uploads\/2018\/02\/edersee-13-von-23-300x200.jpg 300w, https:\/\/nomadendesgutenlebens.de\/wp-content\/uploads\/2018\/02\/edersee-13-von-23-768x512.jpg 768w, https:\/\/nomadendesgutenlebens.de\/wp-content\/uploads\/2018\/02\/edersee-13-von-23-330x220.jpg 330w, https:\/\/nomadendesgutenlebens.de\/wp-content\/uploads\/2018\/02\/edersee-13-von-23-296x197.jpg 296w, https:\/\/nomadendesgutenlebens.de\/wp-content\/uploads\/2018\/02\/edersee-13-von-23-690x460.jpg 690w, https:\/\/nomadendesgutenlebens.de\/wp-content\/uploads\/2018\/02\/edersee-13-von-23-1050x700.jpg 1050w, https:\/\/nomadendesgutenlebens.de\/wp-content\/uploads\/2018\/02\/edersee-13-von-23-900x600.jpg 900w, https:\/\/nomadendesgutenlebens.de\/wp-content\/uploads\/2018\/02\/edersee-13-von-23.jpg 1600w\" sizes=\"(max-width: 1024px) 100vw, 1024px\" \/><\/p>\n<p><img decoding=\"async\" loading=\"lazy\" class=\"aligncenter size-large wp-image-290\" src=\"http:\/\/nomadendesgutenlebens.de\/wp-content\/uploads\/2018\/02\/edersee-12-von-23-1024x683.jpg\" alt=\"\" width=\"1024\" height=\"683\" srcset=\"https:\/\/nomadendesgutenlebens.de\/wp-content\/uploads\/2018\/02\/edersee-12-von-23-1024x683.jpg 1024w, https:\/\/nomadendesgutenlebens.de\/wp-content\/uploads\/2018\/02\/edersee-12-von-23-300x200.jpg 300w, https:\/\/nomadendesgutenlebens.de\/wp-content\/uploads\/2018\/02\/edersee-12-von-23-768x512.jpg 768w, https:\/\/nomadendesgutenlebens.de\/wp-content\/uploads\/2018\/02\/edersee-12-von-23-330x220.jpg 330w, https:\/\/nomadendesgutenlebens.de\/wp-content\/uploads\/2018\/02\/edersee-12-von-23-296x197.jpg 296w, https:\/\/nomadendesgutenlebens.de\/wp-content\/uploads\/2018\/02\/edersee-12-von-23-690x460.jpg 690w, https:\/\/nomadendesgutenlebens.de\/wp-content\/uploads\/2018\/02\/edersee-12-von-23-1050x700.jpg 1050w, https:\/\/nomadendesgutenlebens.de\/wp-content\/uploads\/2018\/02\/edersee-12-von-23-900x600.jpg 900w, https:\/\/nomadendesgutenlebens.de\/wp-content\/uploads\/2018\/02\/edersee-12-von-23.jpg 1600w\" sizes=\"(max-width: 1024px) 100vw, 1024px\" \/><\/p>\n<p><img decoding=\"async\" loading=\"lazy\" class=\"aligncenter size-large wp-image-300\" src=\"http:\/\/nomadendesgutenlebens.de\/wp-content\/uploads\/2018\/02\/edersee-22-von-23-1024x683.jpg\" alt=\"\" width=\"1024\" height=\"683\" srcset=\"https:\/\/nomadendesgutenlebens.de\/wp-content\/uploads\/2018\/02\/edersee-22-von-23-1024x683.jpg 1024w, https:\/\/nomadendesgutenlebens.de\/wp-content\/uploads\/2018\/02\/edersee-22-von-23-300x200.jpg 300w, https:\/\/nomadendesgutenlebens.de\/wp-content\/uploads\/2018\/02\/edersee-22-von-23-768x512.jpg 768w, https:\/\/nomadendesgutenlebens.de\/wp-content\/uploads\/2018\/02\/edersee-22-von-23-330x220.jpg 330w, https:\/\/nomadendesgutenlebens.de\/wp-content\/uploads\/2018\/02\/edersee-22-von-23-296x197.jpg 296w, https:\/\/nomadendesgutenlebens.de\/wp-content\/uploads\/2018\/02\/edersee-22-von-23-690x460.jpg 690w, https:\/\/nomadendesgutenlebens.de\/wp-content\/uploads\/2018\/02\/edersee-22-von-23-1050x700.jpg 1050w, https:\/\/nomadendesgutenlebens.de\/wp-content\/uploads\/2018\/02\/edersee-22-von-23-900x600.jpg 900w, https:\/\/nomadendesgutenlebens.de\/wp-content\/uploads\/2018\/02\/edersee-22-von-23.jpg 1600w\" sizes=\"(max-width: 1024px) 100vw, 1024px\" \/><\/p>\n<p><img decoding=\"async\" loading=\"lazy\" class=\"aligncenter wp-image-301\" src=\"http:\/\/nomadendesgutenlebens.de\/wp-content\/uploads\/2018\/02\/edersee-23-von-23-683x1024.jpg\" alt=\"\" width=\"467\" height=\"700\" srcset=\"https:\/\/nomadendesgutenlebens.de\/wp-content\/uploads\/2018\/02\/edersee-23-von-23-683x1024.jpg 683w, https:\/\/nomadendesgutenlebens.de\/wp-content\/uploads\/2018\/02\/edersee-23-von-23-200x300.jpg 200w, https:\/\/nomadendesgutenlebens.de\/wp-content\/uploads\/2018\/02\/edersee-23-von-23-768x1152.jpg 768w, https:\/\/nomadendesgutenlebens.de\/wp-content\/uploads\/2018\/02\/edersee-23-von-23-330x495.jpg 330w, https:\/\/nomadendesgutenlebens.de\/wp-content\/uploads\/2018\/02\/edersee-23-von-23-690x1035.jpg 690w, https:\/\/nomadendesgutenlebens.de\/wp-content\/uploads\/2018\/02\/edersee-23-von-23-1050x1575.jpg 1050w, https:\/\/nomadendesgutenlebens.de\/wp-content\/uploads\/2018\/02\/edersee-23-von-23-400x600.jpg 400w, https:\/\/nomadendesgutenlebens.de\/wp-content\/uploads\/2018\/02\/edersee-23-von-23.jpg 1600w\" sizes=\"(max-width: 467px) 100vw, 467px\" \/><\/p>\n<p><img decoding=\"async\" loading=\"lazy\" class=\"aligncenter size-large wp-image-299\" src=\"http:\/\/nomadendesgutenlebens.de\/wp-content\/uploads\/2018\/02\/edersee-21-von-23-1024x683.jpg\" alt=\"\" width=\"1024\" height=\"683\" srcset=\"https:\/\/nomadendesgutenlebens.de\/wp-content\/uploads\/2018\/02\/edersee-21-von-23-1024x683.jpg 1024w, https:\/\/nomadendesgutenlebens.de\/wp-content\/uploads\/2018\/02\/edersee-21-von-23-300x200.jpg 300w, https:\/\/nomadendesgutenlebens.de\/wp-content\/uploads\/2018\/02\/edersee-21-von-23-768x512.jpg 768w, https:\/\/nomadendesgutenlebens.de\/wp-content\/uploads\/2018\/02\/edersee-21-von-23-330x220.jpg 330w, https:\/\/nomadendesgutenlebens.de\/wp-content\/uploads\/2018\/02\/edersee-21-von-23-296x197.jpg 296w, https:\/\/nomadendesgutenlebens.de\/wp-content\/uploads\/2018\/02\/edersee-21-von-23-690x460.jpg 690w, https:\/\/nomadendesgutenlebens.de\/wp-content\/uploads\/2018\/02\/edersee-21-von-23-1050x700.jpg 1050w, https:\/\/nomadendesgutenlebens.de\/wp-content\/uploads\/2018\/02\/edersee-21-von-23-900x600.jpg 900w, https:\/\/nomadendesgutenlebens.de\/wp-content\/uploads\/2018\/02\/edersee-21-von-23.jpg 1600w\" sizes=\"(max-width: 1024px) 100vw, 1024px\" \/><\/p>\n","protected":false},"excerpt":{"rendered":"<p>Sommergedanken an den Edersee- ein k\u00fchlender Sprung ist Wasser, Segeln oder den Surfern beim Wellenreiten zuschauen. Gedanken aus Kindertagen. In diesen Sommern muss man daf\u00fcr schon recht weit Richtung Staumauer fahren. Denn durch das j\u00e4hrliche Ablassen des Wassers zugunsten der Oberweser muss man das k\u00fchle Nass manchmal ganz sch\u00f6n lange suchen. Aber wo was wegflie\u00dft, taucht ja bekanntlich auch immer was auf und so findet man in den Sommermonaten zwar im Westen oft kein Wasser, daf\u00fcr taucht eine ganze Br\u00fccke inmitten des Seebeckens auf. Beim Bau des Stausees mussten n\u00e4mlich die Bewohner der damals entlang der Eder liegenden D\u00f6rfer Asel, Berich und Bringhausen ihre H\u00f6fe und H\u00e4user verlassen. Diese wurden [&hellip;]<\/p>\n","protected":false},"author":1,"featured_media":288,"comment_status":"open","ping_status":"open","sticky":false,"template":"","format":"standard","meta":[],"categories":[10],"tags":[],"yoast_head":"<!-- This site is optimized with the Yoast SEO plugin v20.2.1 - https:\/\/yoast.com\/wordpress\/plugins\/seo\/ -->\n<title>E wie Edersee- inmitten der gr\u00fcnen \u00d6dnis - Nomaden des guten Lebens<\/title>\n<meta name=\"description\" content=\"Sommergedanken an den Edersee- ein k\u00fchlender Sprung ist Wasser, Segeln oder den Surfern beim Wellenreiten zuschauen. Gedanken aus Kindertagen.\" \/>\n<meta name=\"robots\" content=\"index, follow, max-snippet:-1, max-image-preview:large, max-video-preview:-1\" \/>\n<link rel=\"canonical\" href=\"https:\/\/nomadendesgutenlebens.de\/?p=302\" \/>\n<meta property=\"og:locale\" content=\"de_DE\" \/>\n<meta property=\"og:type\" content=\"article\" \/>\n<meta property=\"og:title\" content=\"E wie Edersee- inmitten der gr\u00fcnen \u00d6dnis - Nomaden des guten Lebens\" \/>\n<meta property=\"og:description\" content=\"Sommergedanken an den Edersee- ein k\u00fchlender Sprung ist Wasser, Segeln oder den Surfern beim Wellenreiten zuschauen. Gedanken aus Kindertagen.\" \/>\n<meta property=\"og:url\" content=\"https:\/\/nomadendesgutenlebens.de\/?p=302\" \/>\n<meta property=\"og:site_name\" content=\"Nomaden des guten Lebens\" \/>\n<meta property=\"article:published_time\" content=\"2018-02-04T18:02:54+00:00\" \/>\n<meta property=\"article:modified_time\" content=\"2018-02-04T18:05:20+00:00\" \/>\n<meta property=\"og:image\" content=\"https:\/\/nomadendesgutenlebens.de\/wp-content\/uploads\/2018\/02\/edersee-10-von-23.jpg\" \/>\n\t<meta property=\"og:image:width\" content=\"1600\" \/>\n\t<meta property=\"og:image:height\" content=\"1067\" \/>\n\t<meta property=\"og:image:type\" content=\"image\/jpeg\" \/>\n<meta name=\"author\" content=\"ndgladmin\" \/>\n<meta name=\"twitter:card\" content=\"summary_large_image\" \/>\n<meta name=\"twitter:label1\" content=\"Verfasst von\" \/>\n\t<meta name=\"twitter:data1\" content=\"ndgladmin\" \/>\n\t<meta name=\"twitter:label2\" content=\"Gesch\u00e4tzte Lesezeit\" \/>\n\t<meta name=\"twitter:data2\" content=\"1 Minute\" \/>\n<script type=\"application\/ld+json\" class=\"yoast-schema-graph\">{\"@context\":\"https:\/\/schema.org\",\"@graph\":[{\"@type\":\"WebPage\",\"@id\":\"https:\/\/nomadendesgutenlebens.de\/?p=302\",\"url\":\"https:\/\/nomadendesgutenlebens.de\/?p=302\",\"name\":\"E wie Edersee- inmitten der gr\u00fcnen \u00d6dnis - Nomaden des guten Lebens\",\"isPartOf\":{\"@id\":\"http:\/\/nomadendesgutenlebens.de\/#website\"},\"datePublished\":\"2018-02-04T18:02:54+00:00\",\"dateModified\":\"2018-02-04T18:05:20+00:00\",\"author\":{\"@id\":\"http:\/\/nomadendesgutenlebens.de\/#\/schema\/person\/bf6a8ccd0600f27fdfb1b69c89f1f6d8\"},\"description\":\"Sommergedanken an den Edersee- ein k\u00fchlender Sprung ist Wasser, Segeln oder den Surfern beim Wellenreiten zuschauen. Gedanken aus Kindertagen.\",\"breadcrumb\":{\"@id\":\"https:\/\/nomadendesgutenlebens.de\/?p=302#breadcrumb\"},\"inLanguage\":\"de-DE\",\"potentialAction\":[{\"@type\":\"ReadAction\",\"target\":[\"https:\/\/nomadendesgutenlebens.de\/?p=302\"]}]},{\"@type\":\"BreadcrumbList\",\"@id\":\"https:\/\/nomadendesgutenlebens.de\/?p=302#breadcrumb\",\"itemListElement\":[{\"@type\":\"ListItem\",\"position\":1,\"name\":\"Startseite\",\"item\":\"http:\/\/nomadendesgutenlebens.de\/\"},{\"@type\":\"ListItem\",\"position\":2,\"name\":\"E wie Edersee- inmitten der gr\u00fcnen \u00d6dnis\"}]},{\"@type\":\"WebSite\",\"@id\":\"http:\/\/nomadendesgutenlebens.de\/#website\",\"url\":\"http:\/\/nomadendesgutenlebens.de\/\",\"name\":\"Nomaden des guten Lebens\",\"description\":\"Abenteuer ist \u00fcberall!\",\"potentialAction\":[{\"@type\":\"SearchAction\",\"target\":{\"@type\":\"EntryPoint\",\"urlTemplate\":\"http:\/\/nomadendesgutenlebens.de\/?s={search_term_string}\"},\"query-input\":\"required name=search_term_string\"}],\"inLanguage\":\"de-DE\"},{\"@type\":\"Person\",\"@id\":\"http:\/\/nomadendesgutenlebens.de\/#\/schema\/person\/bf6a8ccd0600f27fdfb1b69c89f1f6d8\",\"name\":\"ndgladmin\",\"image\":{\"@type\":\"ImageObject\",\"inLanguage\":\"de-DE\",\"@id\":\"http:\/\/nomadendesgutenlebens.de\/#\/schema\/person\/image\/\",\"url\":\"https:\/\/secure.gravatar.com\/avatar\/516fc37312fd4e5e858f3a63c933a7c1?s=96&d=mm&r=g\",\"contentUrl\":\"https:\/\/secure.gravatar.com\/avatar\/516fc37312fd4e5e858f3a63c933a7c1?s=96&d=mm&r=g\",\"caption\":\"ndgladmin\"},\"url\":\"https:\/\/nomadendesgutenlebens.de\/?author=1\"}]}<\/script>\n<!-- \/ Yoast SEO plugin. -->","yoast_head_json":{"title":"E wie Edersee- inmitten der gr\u00fcnen \u00d6dnis - Nomaden des guten Lebens","description":"Sommergedanken an den Edersee- ein k\u00fchlender Sprung ist Wasser, Segeln oder den Surfern beim Wellenreiten zuschauen. Gedanken aus Kindertagen.","robots":{"index":"index","follow":"follow","max-snippet":"max-snippet:-1","max-image-preview":"max-image-preview:large","max-video-preview":"max-video-preview:-1"},"canonical":"https:\/\/nomadendesgutenlebens.de\/?p=302","og_locale":"de_DE","og_type":"article","og_title":"E wie Edersee- inmitten der gr\u00fcnen \u00d6dnis - Nomaden des guten Lebens","og_description":"Sommergedanken an den Edersee- ein k\u00fchlender Sprung ist Wasser, Segeln oder den Surfern beim Wellenreiten zuschauen. Gedanken aus Kindertagen.","og_url":"https:\/\/nomadendesgutenlebens.de\/?p=302","og_site_name":"Nomaden des guten Lebens","article_published_time":"2018-02-04T18:02:54+00:00","article_modified_time":"2018-02-04T18:05:20+00:00","og_image":[{"width":1600,"height":1067,"url":"https:\/\/nomadendesgutenlebens.de\/wp-content\/uploads\/2018\/02\/edersee-10-von-23.jpg","type":"image\/jpeg"}],"author":"ndgladmin","twitter_card":"summary_large_image","twitter_misc":{"Verfasst von":"ndgladmin","Gesch\u00e4tzte Lesezeit":"1 Minute"},"schema":{"@context":"https:\/\/schema.org","@graph":[{"@type":"WebPage","@id":"https:\/\/nomadendesgutenlebens.de\/?p=302","url":"https:\/\/nomadendesgutenlebens.de\/?p=302","name":"E wie Edersee- inmitten der gr\u00fcnen \u00d6dnis - Nomaden des guten Lebens","isPartOf":{"@id":"http:\/\/nomadendesgutenlebens.de\/#website"},"datePublished":"2018-02-04T18:02:54+00:00","dateModified":"2018-02-04T18:05:20+00:00","author":{"@id":"http:\/\/nomadendesgutenlebens.de\/#\/schema\/person\/bf6a8ccd0600f27fdfb1b69c89f1f6d8"},"description":"Sommergedanken an den Edersee- ein k\u00fchlender Sprung ist Wasser, Segeln oder den Surfern beim Wellenreiten zuschauen. Gedanken aus Kindertagen.","breadcrumb":{"@id":"https:\/\/nomadendesgutenlebens.de\/?p=302#breadcrumb"},"inLanguage":"de-DE","potentialAction":[{"@type":"ReadAction","target":["https:\/\/nomadendesgutenlebens.de\/?p=302"]}]},{"@type":"BreadcrumbList","@id":"https:\/\/nomadendesgutenlebens.de\/?p=302#breadcrumb","itemListElement":[{"@type":"ListItem","position":1,"name":"Startseite","item":"http:\/\/nomadendesgutenlebens.de\/"},{"@type":"ListItem","position":2,"name":"E wie Edersee- inmitten der gr\u00fcnen \u00d6dnis"}]},{"@type":"WebSite","@id":"http:\/\/nomadendesgutenlebens.de\/#website","url":"http:\/\/nomadendesgutenlebens.de\/","name":"Nomaden des guten Lebens","description":"Abenteuer ist \u00fcberall!","potentialAction":[{"@type":"SearchAction","target":{"@type":"EntryPoint","urlTemplate":"http:\/\/nomadendesgutenlebens.de\/?s={search_term_string}"},"query-input":"required name=search_term_string"}],"inLanguage":"de-DE"},{"@type":"Person","@id":"http:\/\/nomadendesgutenlebens.de\/#\/schema\/person\/bf6a8ccd0600f27fdfb1b69c89f1f6d8","name":"ndgladmin","image":{"@type":"ImageObject","inLanguage":"de-DE","@id":"http:\/\/nomadendesgutenlebens.de\/#\/schema\/person\/image\/","url":"https:\/\/secure.gravatar.com\/avatar\/516fc37312fd4e5e858f3a63c933a7c1?s=96&d=mm&r=g","contentUrl":"https:\/\/secure.gravatar.com\/avatar\/516fc37312fd4e5e858f3a63c933a7c1?s=96&d=mm&r=g","caption":"ndgladmin"},"url":"https:\/\/nomadendesgutenlebens.de\/?author=1"}]}},"_links":{"self":[{"href":"https:\/\/nomadendesgutenlebens.de\/index.php?rest_route=\/wp\/v2\/posts\/302"}],"collection":[{"href":"https:\/\/nomadendesgutenlebens.de\/index.php?rest_route=\/wp\/v2\/posts"}],"about":[{"href":"https:\/\/nomadendesgutenlebens.de\/index.php?rest_route=\/wp\/v2\/types\/post"}],"author":[{"embeddable":true,"href":"https:\/\/nomadendesgutenlebens.de\/index.php?rest_route=\/wp\/v2\/users\/1"}],"replies":[{"embeddable":true,"href":"https:\/\/nomadendesgutenlebens.de\/index.php?rest_route=%2Fwp%2Fv2%2Fcomments&post=302"}],"version-history":[{"count":2,"href":"https:\/\/nomadendesgutenlebens.de\/index.php?rest_route=\/wp\/v2\/posts\/302\/revisions"}],"predecessor-version":[{"id":304,"href":"https:\/\/nomadendesgutenlebens.de\/index.php?rest_route=\/wp\/v2\/posts\/302\/revisions\/304"}],"wp:featuredmedia":[{"embeddable":true,"href":"https:\/\/nomadendesgutenlebens.de\/index.php?rest_route=\/wp\/v2\/media\/288"}],"wp:attachment":[{"href":"https:\/\/nomadendesgutenlebens.de\/index.php?rest_route=%2Fwp%2Fv2%2Fmedia&parent=302"}],"wp:term":[{"taxonomy":"category","embeddable":true,"href":"https:\/\/nomadendesgutenlebens.de\/index.php?rest_route=%2Fwp%2Fv2%2Fcategories&post=302"},{"taxonomy":"post_tag","embeddable":true,"href":"https:\/\/nomadendesgutenlebens.de\/index.php?rest_route=%2Fwp%2Fv2%2Ftags&post=302"}],"curies":[{"name":"wp","href":"https:\/\/api.w.org\/{rel}","templated":true}]}}